{"id":10728,"date":"2026-09-05T22:07:00","date_gmt":"2026-09-05T20:07:00","guid":{"rendered":"https:\/\/www.meteokosova.com\/?p=10728"},"modified":"2026-09-05T22:11:57","modified_gmt":"2026-09-05T20:11:57","slug":"parashikimi-i-motit-per-te-dielen-06-09-2026","status":"publish","type":"post","link":"https:\/\/www.meteokosova.com\/sq\/parashikimi-i-motit-per-te-dielen-06-09-2026\/","title":{"rendered":"Parashikimi i motit p\u00ebr t\u00eb diel\u00ebn, 06.09.2026"},"content":{"rendered":"<p class=\"wp-block-paragraph\">T\u00eb diel\u00ebn parashikohet t\u00eb dep\u00ebrtojn\u00eb masa m\u00eb t\u00eb fresk\u00ebta por t\u00eb thata. Moti do t\u00eb karakterizohet kryesisht me diell.<\/p>\n\n\n\n<p class=\"wp-block-paragraph\">Era do t\u00eb fryj\u00eb nga verilindja, e cila her\u00eb pas here pritet t\u00eb jet\u00eb e fuqishme, me shpejt\u00ebsi prej 15-46 km\/h.<\/p>\n\n\n\n<p class=\"wp-block-paragraph\">Temperaturat do t\u00eb p\u00ebsojn\u00eb ulje t\u00eb ndjeshme, me minimale q\u00eb do t\u00eb l\u00ebvizin prej 16 deri n\u00eb 18\u00b0C, nd\u00ebrsa ato maksimale prej 27 deri n\u00eb 31\u00b0C. <strong>\/MeteoKosova\/<\/strong><\/p>","protected":false},"excerpt":{"rendered":"<p>T\u00eb diel\u00ebn parashikohet t\u00eb dep\u00ebrtojn\u00eb masa m\u00eb t\u00eb fresk\u00ebta por t\u00eb thata. Moti do t\u00eb karakterizohet kryesisht me diell. Era do t\u00eb fryj\u00eb nga verilindja, e cila her\u00eb pas here pritet t\u00eb jet\u00eb e fuqishme, me shpejt\u00ebsi prej 15-46 km\/h. Temperaturat do t\u00eb p\u00ebsojn\u00eb ulje t\u00eb ndjeshme, me minimale q\u00eb do t\u00eb l\u00ebvizin prej 16 &hellip;<\/p>","protected":false},"author":3,"featured_media":5829,"comment_status":"closed","ping_status":"open","sticky":false,"template":"","format":"standard","meta":{"_jetpack_newsletter_access":"","_jetpack_dont_email_post_to_subs":false,"_jetpack_newsletter_tier_id":0,"_jetpack_memberships_contains_paywalled_content":false,"_jetpack_memberships_contains_paid_content":false,"wds_primary_category":24,"footnotes":""},"categories":[24,26],"tags":[],"class_list":["post-10728","post","type-post","status-publish","format-standard","has-post-thumbnail","hentry","category-ballina","category-kosove"],"jetpack_sharing_enabled":true,"jetpack_featured_media_url":"https:\/\/www.meteokosova.com\/wp-content\/uploads\/2023\/10\/pexels-skitterphoto-37681.jpg","_links":{"self":[{"href":"https:\/\/www.meteokosova.com\/sq\/wp-json\/wp\/v2\/posts\/10728","targetHints":{"allow":["GET"]}}],"collection":[{"href":"https:\/\/www.meteokosova.com\/sq\/wp-json\/wp\/v2\/posts"}],"about":[{"href":"https:\/\/www.meteokosova.com\/sq\/wp-json\/wp\/v2\/types\/post"}],"author":[{"embeddable":true,"href":"https:\/\/www.meteokosova.com\/sq\/wp-json\/wp\/v2\/users\/3"}],"replies":[{"embeddable":true,"href":"https:\/\/www.meteokosova.com\/sq\/wp-json\/wp\/v2\/comments?post=10728"}],"version-history":[{"count":3,"href":"https:\/\/www.meteokosova.com\/sq\/wp-json\/wp\/v2\/posts\/10728\/revisions"}],"predecessor-version":[{"id":10731,"href":"https:\/\/www.meteokosova.com\/sq\/wp-json\/wp\/v2\/posts\/10728\/revisions\/10731"}],"wp:featuredmedia":[{"embeddable":true,"href":"https:\/\/www.meteokosova.com\/sq\/wp-json\/wp\/v2\/media\/5829"}],"wp:attachment":[{"href":"https:\/\/www.meteokosova.com\/sq\/wp-json\/wp\/v2\/media?parent=10728"}],"wp:term":[{"taxonomy":"category","embeddable":true,"href":"https:\/\/www.meteokosova.com\/sq\/wp-json\/wp\/v2\/categories?post=10728"},{"taxonomy":"post_tag","embeddable":true,"href":"https:\/\/www.meteokosova.com\/sq\/wp-json\/wp\/v2\/tags?post=10728"}],"curies":[{"name":"wp","href":"https:\/\/api.w.org\/{rel}","templated":true}]}}