{"id":10725,"date":"2026-09-04T21:33:43","date_gmt":"2026-09-04T19:33:43","guid":{"rendered":"https:\/\/www.meteokosova.com\/?p=10725"},"modified":"2026-09-04T21:33:45","modified_gmt":"2026-09-04T19:33:45","slug":"parashikimi-i-motit-per-te-shtunen-05-09-2026","status":"publish","type":"post","link":"https:\/\/www.meteokosova.com\/sq\/parashikimi-i-motit-per-te-shtunen-05-09-2026\/","title":{"rendered":"Parashikimi i motit p\u00ebr t\u00eb shtun\u00ebn, 05.09.2026"},"content":{"rendered":"<p class=\"wp-block-paragraph\">T\u00eb shtun\u00ebn parashikohet t\u00eb mbaj\u00eb mot me diell dhe shum\u00eb i nxeht\u00eb. Rrezik nga dehidrimi dhe goditja e nxeht\u00ebsis\u00eb n\u00ebse q\u00ebndroni jasht\u00eb p\u00ebr periudha t\u00eb gjata kohore.<\/p>\n\n\n\n<p class=\"wp-block-paragraph\">Era do t\u00eb fryj\u00eb nga drejtime t\u00eb ndryshme, me shpejt\u00ebsi prej 9-24 km\/h.<\/p>\n\n\n\n<p class=\"wp-block-paragraph\">Temperaturat do t\u00eb sh\u00ebnojn\u00eb ngritje t\u00eb theksueshme, me minimale q\u00eb do t\u00eb l\u00ebvizin prej 13 deri n\u00eb 16\u00b0C, nd\u00ebrsa ato maksimale prej 34 deri n\u00eb 36\u00b0C. <strong>\/MeteoKosova\/<\/strong><\/p>","protected":false},"excerpt":{"rendered":"<p>T\u00eb shtun\u00ebn parashikohet t\u00eb mbaj\u00eb mot me diell dhe shum\u00eb i nxeht\u00eb. Rrezik nga dehidrimi dhe goditja e nxeht\u00ebsis\u00eb n\u00ebse q\u00ebndroni jasht\u00eb p\u00ebr periudha t\u00eb gjata kohore. Era do t\u00eb fryj\u00eb nga drejtime t\u00eb ndryshme, me shpejt\u00ebsi prej 9-24 km\/h. Temperaturat do t\u00eb sh\u00ebnojn\u00eb ngritje t\u00eb theksueshme, me minimale q\u00eb do t\u00eb l\u00ebvizin prej 13 &hellip;<\/p>","protected":false},"author":3,"featured_media":3404,"comment_status":"closed","ping_status":"open","sticky":false,"template":"","format":"standard","meta":{"_jetpack_newsletter_access":"","_jetpack_dont_email_post_to_subs":false,"_jetpack_newsletter_tier_id":0,"_jetpack_memberships_contains_paywalled_content":false,"_jetpack_memberships_contains_paid_content":false,"wds_primary_category":24,"footnotes":""},"categories":[24,26],"tags":[],"class_list":["post-10725","post","type-post","status-publish","format-standard","has-post-thumbnail","hentry","category-ballina","category-kosove"],"jetpack_sharing_enabled":true,"jetpack_featured_media_url":"https:\/\/www.meteokosova.com\/wp-content\/uploads\/2022\/08\/62d9019e4e3fe02648ba5a01.webp","_links":{"self":[{"href":"https:\/\/www.meteokosova.com\/sq\/wp-json\/wp\/v2\/posts\/10725","targetHints":{"allow":["GET"]}}],"collection":[{"href":"https:\/\/www.meteokosova.com\/sq\/wp-json\/wp\/v2\/posts"}],"about":[{"href":"https:\/\/www.meteokosova.com\/sq\/wp-json\/wp\/v2\/types\/post"}],"author":[{"embeddable":true,"href":"https:\/\/www.meteokosova.com\/sq\/wp-json\/wp\/v2\/users\/3"}],"replies":[{"embeddable":true,"href":"https:\/\/www.meteokosova.com\/sq\/wp-json\/wp\/v2\/comments?post=10725"}],"version-history":[{"count":1,"href":"https:\/\/www.meteokosova.com\/sq\/wp-json\/wp\/v2\/posts\/10725\/revisions"}],"predecessor-version":[{"id":10726,"href":"https:\/\/www.meteokosova.com\/sq\/wp-json\/wp\/v2\/posts\/10725\/revisions\/10726"}],"wp:featuredmedia":[{"embeddable":true,"href":"https:\/\/www.meteokosova.com\/sq\/wp-json\/wp\/v2\/media\/3404"}],"wp:attachment":[{"href":"https:\/\/www.meteokosova.com\/sq\/wp-json\/wp\/v2\/media?parent=10725"}],"wp:term":[{"taxonomy":"category","embeddable":true,"href":"https:\/\/www.meteokosova.com\/sq\/wp-json\/wp\/v2\/categories?post=10725"},{"taxonomy":"post_tag","embeddable":true,"href":"https:\/\/www.meteokosova.com\/sq\/wp-json\/wp\/v2\/tags?post=10725"}],"curies":[{"name":"wp","href":"https:\/\/api.w.org\/{rel}","templated":true}]}}