{"id":10721,"date":"2026-09-03T22:19:39","date_gmt":"2026-09-03T20:19:39","guid":{"rendered":"https:\/\/www.meteokosova.com\/?p=10721"},"modified":"2026-09-03T22:21:44","modified_gmt":"2026-09-03T20:21:44","slug":"parashikimi-i-motit-per-te-premten-04-09-2026","status":"publish","type":"post","link":"https:\/\/www.meteokosova.com\/sq\/parashikimi-i-motit-per-te-premten-04-09-2026\/","title":{"rendered":"Parashikimi i motit p\u00ebr t\u00eb premten, 04.09.2026"},"content":{"rendered":"<p class=\"wp-block-paragraph\">T\u00eb premten parashikohet t\u00eb mbaj\u00eb mot me diell dhe vran\u00ebsira.<\/p>\n\n\n\n<p class=\"wp-block-paragraph\">Era do t\u00eb fryj\u00eb nga veriu, e cila her\u00eb pas here pritet t\u00eb jet\u00eb e fuqishme, me shpejt\u00ebsi prej 15-40 km\/h.<\/p>\n\n\n\n<p class=\"wp-block-paragraph\">Temperaturat minimale do t\u00eb l\u00ebvizin prej 13 deri n\u00eb 16\u00b0C, nd\u00ebrsa ato maksimale prej 27 deri n\u00eb 31\u00b0C. <strong>\/MeteoKosova\/<\/strong><\/p>","protected":false},"excerpt":{"rendered":"<p>T\u00eb premten parashikohet t\u00eb mbaj\u00eb mot me diell dhe vran\u00ebsira. Era do t\u00eb fryj\u00eb nga veriu, e cila her\u00eb pas here pritet t\u00eb jet\u00eb e fuqishme, me shpejt\u00ebsi prej 15-40 km\/h. Temperaturat minimale do t\u00eb l\u00ebvizin prej 13 deri n\u00eb 16\u00b0C, nd\u00ebrsa ato maksimale prej 27 deri n\u00eb 31\u00b0C. \/MeteoKosova\/<\/p>","protected":false},"author":3,"featured_media":9420,"comment_status":"closed","ping_status":"open","sticky":false,"template":"","format":"standard","meta":{"_jetpack_newsletter_access":"","_jetpack_dont_email_post_to_subs":false,"_jetpack_newsletter_tier_id":0,"_jetpack_memberships_contains_paywalled_content":false,"_jetpack_memberships_contains_paid_content":false,"wds_primary_category":24,"footnotes":""},"categories":[24,26],"tags":[],"class_list":["post-10721","post","type-post","status-publish","format-standard","has-post-thumbnail","hentry","category-ballina","category-kosove"],"jetpack_sharing_enabled":true,"jetpack_featured_media_url":"https:\/\/www.meteokosova.com\/wp-content\/uploads\/2025\/10\/charles-chen-hDkEPjvY4lE-unsplash.jpg","_links":{"self":[{"href":"https:\/\/www.meteokosova.com\/sq\/wp-json\/wp\/v2\/posts\/10721","targetHints":{"allow":["GET"]}}],"collection":[{"href":"https:\/\/www.meteokosova.com\/sq\/wp-json\/wp\/v2\/posts"}],"about":[{"href":"https:\/\/www.meteokosova.com\/sq\/wp-json\/wp\/v2\/types\/post"}],"author":[{"embeddable":true,"href":"https:\/\/www.meteokosova.com\/sq\/wp-json\/wp\/v2\/users\/3"}],"replies":[{"embeddable":true,"href":"https:\/\/www.meteokosova.com\/sq\/wp-json\/wp\/v2\/comments?post=10721"}],"version-history":[{"count":1,"href":"https:\/\/www.meteokosova.com\/sq\/wp-json\/wp\/v2\/posts\/10721\/revisions"}],"predecessor-version":[{"id":10723,"href":"https:\/\/www.meteokosova.com\/sq\/wp-json\/wp\/v2\/posts\/10721\/revisions\/10723"}],"wp:featuredmedia":[{"embeddable":true,"href":"https:\/\/www.meteokosova.com\/sq\/wp-json\/wp\/v2\/media\/9420"}],"wp:attachment":[{"href":"https:\/\/www.meteokosova.com\/sq\/wp-json\/wp\/v2\/media?parent=10721"}],"wp:term":[{"taxonomy":"category","embeddable":true,"href":"https:\/\/www.meteokosova.com\/sq\/wp-json\/wp\/v2\/categories?post=10721"},{"taxonomy":"post_tag","embeddable":true,"href":"https:\/\/www.meteokosova.com\/sq\/wp-json\/wp\/v2\/tags?post=10721"}],"curies":[{"name":"wp","href":"https:\/\/api.w.org\/{rel}","templated":true}]}}