{"id":10715,"date":"2026-09-01T22:41:26","date_gmt":"2026-09-01T20:41:26","guid":{"rendered":"https:\/\/www.meteokosova.com\/?p=10715"},"modified":"2026-09-01T22:41:27","modified_gmt":"2026-09-01T20:41:27","slug":"parashikimi-i-motit-per-te-merkuren-02-09-2026","status":"publish","type":"post","link":"https:\/\/www.meteokosova.com\/sq\/parashikimi-i-motit-per-te-merkuren-02-09-2026\/","title":{"rendered":"Parashikimi i motit p\u00ebr t\u00eb m\u00ebrkur\u00ebn, 02.09.2026"},"content":{"rendered":"<p class=\"wp-block-paragraph\">T\u00eb m\u00ebrkur\u00ebn parashikohet t\u00eb mbaj\u00eb mot kryesisht me diell n\u00eb pjes\u00ebn e par\u00eb t\u00eb dit\u00ebs, nd\u00ebrsa pasdite priten vran\u00ebsira t\u00eb pjesshme. Ka mund\u00ebsi t\u00eb ket\u00eb reshje t\u00eb dob\u00ebta shiu n\u00eb ndonj\u00eb rajon.<\/p>\n\n\n\n<p class=\"wp-block-paragraph\">Era do t\u00eb fryj\u00eb kryesisht nga drejtimi i verilindjes, me shpejt\u00ebsi prej 10-36 km\/h.<\/p>\n\n\n\n<p class=\"wp-block-paragraph\">Temperaturat minimale do t\u00eb l\u00ebvizin prej 16 deri n\u00eb 19\u00b0C, nd\u00ebrsa ato maksimale prej 29 deri n\u00eb 33\u00b0C. <strong>\/MeteoKosova\/<\/strong><\/p>","protected":false},"excerpt":{"rendered":"<p>T\u00eb m\u00ebrkur\u00ebn parashikohet t\u00eb mbaj\u00eb mot kryesisht me diell n\u00eb pjes\u00ebn e par\u00eb t\u00eb dit\u00ebs, nd\u00ebrsa pasdite priten vran\u00ebsira t\u00eb pjesshme. Ka mund\u00ebsi t\u00eb ket\u00eb reshje t\u00eb dob\u00ebta shiu n\u00eb ndonj\u00eb rajon. Era do t\u00eb fryj\u00eb kryesisht nga drejtimi i verilindjes, me shpejt\u00ebsi prej 10-36 km\/h. Temperaturat minimale do t\u00eb l\u00ebvizin prej 16 deri n\u00eb &hellip;<\/p>","protected":false},"author":3,"featured_media":10069,"comment_status":"closed","ping_status":"open","sticky":false,"template":"","format":"standard","meta":{"_jetpack_newsletter_access":"","_jetpack_dont_email_post_to_subs":false,"_jetpack_newsletter_tier_id":0,"_jetpack_memberships_contains_paywalled_content":false,"_jetpack_memberships_contains_paid_content":false,"wds_primary_category":24,"footnotes":""},"categories":[24,26],"tags":[],"class_list":["post-10715","post","type-post","status-publish","format-standard","has-post-thumbnail","hentry","category-ballina","category-kosove"],"jetpack_sharing_enabled":true,"jetpack_featured_media_url":"https:\/\/www.meteokosova.com\/wp-content\/uploads\/2026\/05\/640-0-jpng-1719984370.png","_links":{"self":[{"href":"https:\/\/www.meteokosova.com\/sq\/wp-json\/wp\/v2\/posts\/10715","targetHints":{"allow":["GET"]}}],"collection":[{"href":"https:\/\/www.meteokosova.com\/sq\/wp-json\/wp\/v2\/posts"}],"about":[{"href":"https:\/\/www.meteokosova.com\/sq\/wp-json\/wp\/v2\/types\/post"}],"author":[{"embeddable":true,"href":"https:\/\/www.meteokosova.com\/sq\/wp-json\/wp\/v2\/users\/3"}],"replies":[{"embeddable":true,"href":"https:\/\/www.meteokosova.com\/sq\/wp-json\/wp\/v2\/comments?post=10715"}],"version-history":[{"count":1,"href":"https:\/\/www.meteokosova.com\/sq\/wp-json\/wp\/v2\/posts\/10715\/revisions"}],"predecessor-version":[{"id":10716,"href":"https:\/\/www.meteokosova.com\/sq\/wp-json\/wp\/v2\/posts\/10715\/revisions\/10716"}],"wp:featuredmedia":[{"embeddable":true,"href":"https:\/\/www.meteokosova.com\/sq\/wp-json\/wp\/v2\/media\/10069"}],"wp:attachment":[{"href":"https:\/\/www.meteokosova.com\/sq\/wp-json\/wp\/v2\/media?parent=10715"}],"wp:term":[{"taxonomy":"category","embeddable":true,"href":"https:\/\/www.meteokosova.com\/sq\/wp-json\/wp\/v2\/categories?post=10715"},{"taxonomy":"post_tag","embeddable":true,"href":"https:\/\/www.meteokosova.com\/sq\/wp-json\/wp\/v2\/tags?post=10715"}],"curies":[{"name":"wp","href":"https:\/\/api.w.org\/{rel}","templated":true}]}}