{"id":10711,"date":"2026-08-31T22:23:25","date_gmt":"2026-08-31T20:23:25","guid":{"rendered":"https:\/\/www.meteokosova.com\/?p=10711"},"modified":"2026-08-31T22:23:46","modified_gmt":"2026-08-31T20:23:46","slug":"parashikimi-i-motit-per-te-marten-01-09-2026","status":"publish","type":"post","link":"https:\/\/www.meteokosova.com\/sq\/parashikimi-i-motit-per-te-marten-01-09-2026\/","title":{"rendered":"Parashikimi i motit p\u00ebr t\u00eb mart\u00ebn, 01.09.2026"},"content":{"rendered":"<p class=\"wp-block-paragraph\">T\u00eb mart\u00ebn parashikohet t\u00eb mbaj\u00eb mot kryesisht me diell n\u00eb pjes\u00ebn e par\u00eb t\u00eb dit\u00ebs, nd\u00ebrsa n\u00eb or\u00ebt vijuese t\u00eb pasdites pritet vran\u00ebsirat t\u00eb marrin karakter zhvillimi dhe t\u00eb sjellin rrebeshe lokale shiu, t\u00eb shoq\u00ebruara me shkarkesa rrufesh. Ka mund\u00ebsi t\u00eb ket\u00eb edhe bresh\u00ebr.<\/p>\n\n\n\n<p class=\"wp-block-paragraph\">Reshjet pritet t\u00eb jen\u00eb kryesisht t\u00eb p\u00ebrq\u00ebndruara n\u00eb zon\u00ebn e per\u00ebndimit, m\u00eb pas pritet gradualisht t\u00eb vazhdojn\u00eb n\u00eb drejtim t\u00eb lindjes duke u dob\u00ebsuar ndjesh\u00ebm.<\/p>\n\n\n\n<p class=\"wp-block-paragraph\">Era do t\u00eb fryj\u00eb kryesisht nga drejtimi i veriut, e cila her\u00eb pas here pritet t\u00eb jet\u00eb e fuqishme, me shpejt\u00ebsi prej 15-40 km\/h. N\u00eb zonat ku ka zhvillime konvektive, mund t\u00eb ket\u00eb fuqizim t\u00eb p\u00ebrkohsh\u00ebm n\u00eb parametrin e er\u00ebs, me shpejt\u00ebsi deri n\u00eb 50 km\/h.<\/p>\n\n\n\n<p class=\"wp-block-paragraph\">Temperaturat do t\u00eb p\u00ebsojn\u00eb ulje t\u00eb leht\u00eb, me minimale q\u00eb do t\u00eb l\u00ebvizin prej 18 deri n\u00eb 21\u00b0C, nd\u00ebrsa ato maksimale prej 29 deri n\u00eb 34\u00b0C. <strong>\/MeteoKosova\/<\/strong><\/p>","protected":false},"excerpt":{"rendered":"<p>T\u00eb mart\u00ebn parashikohet t\u00eb mbaj\u00eb mot kryesisht me diell n\u00eb pjes\u00ebn e par\u00eb t\u00eb dit\u00ebs, nd\u00ebrsa n\u00eb or\u00ebt vijuese t\u00eb pasdites pritet vran\u00ebsirat t\u00eb marrin karakter zhvillimi dhe t\u00eb sjellin rrebeshe lokale shiu, t\u00eb shoq\u00ebruara me shkarkesa rrufesh. Ka mund\u00ebsi t\u00eb ket\u00eb edhe bresh\u00ebr. Reshjet pritet t\u00eb jen\u00eb kryesisht t\u00eb p\u00ebrq\u00ebndruara n\u00eb zon\u00ebn e per\u00ebndimit, &hellip;<\/p>","protected":false},"author":3,"featured_media":2376,"comment_status":"closed","ping_status":"open","sticky":false,"template":"","format":"standard","meta":{"_jetpack_newsletter_access":"","_jetpack_dont_email_post_to_subs":false,"_jetpack_newsletter_tier_id":0,"_jetpack_memberships_contains_paywalled_content":false,"_jetpack_memberships_contains_paid_content":false,"wds_primary_category":24,"footnotes":""},"categories":[24,26],"tags":[],"class_list":["post-10711","post","type-post","status-publish","format-standard","has-post-thumbnail","hentry","category-ballina","category-kosove"],"jetpack_sharing_enabled":true,"jetpack_featured_media_url":"https:\/\/www.meteokosova.com\/wp-content\/uploads\/2022\/06\/A64BFA88-2B8B-42AC-8C9D-6ADD380DDC9B.webp","_links":{"self":[{"href":"https:\/\/www.meteokosova.com\/sq\/wp-json\/wp\/v2\/posts\/10711","targetHints":{"allow":["GET"]}}],"collection":[{"href":"https:\/\/www.meteokosova.com\/sq\/wp-json\/wp\/v2\/posts"}],"about":[{"href":"https:\/\/www.meteokosova.com\/sq\/wp-json\/wp\/v2\/types\/post"}],"author":[{"embeddable":true,"href":"https:\/\/www.meteokosova.com\/sq\/wp-json\/wp\/v2\/users\/3"}],"replies":[{"embeddable":true,"href":"https:\/\/www.meteokosova.com\/sq\/wp-json\/wp\/v2\/comments?post=10711"}],"version-history":[{"count":2,"href":"https:\/\/www.meteokosova.com\/sq\/wp-json\/wp\/v2\/posts\/10711\/revisions"}],"predecessor-version":[{"id":10713,"href":"https:\/\/www.meteokosova.com\/sq\/wp-json\/wp\/v2\/posts\/10711\/revisions\/10713"}],"wp:featuredmedia":[{"embeddable":true,"href":"https:\/\/www.meteokosova.com\/sq\/wp-json\/wp\/v2\/media\/2376"}],"wp:attachment":[{"href":"https:\/\/www.meteokosova.com\/sq\/wp-json\/wp\/v2\/media?parent=10711"}],"wp:term":[{"taxonomy":"category","embeddable":true,"href":"https:\/\/www.meteokosova.com\/sq\/wp-json\/wp\/v2\/categories?post=10711"},{"taxonomy":"post_tag","embeddable":true,"href":"https:\/\/www.meteokosova.com\/sq\/wp-json\/wp\/v2\/tags?post=10711"}],"curies":[{"name":"wp","href":"https:\/\/api.w.org\/{rel}","templated":true}]}}