{"id":10707,"date":"2026-08-31T14:22:27","date_gmt":"2026-08-31T12:22:27","guid":{"rendered":"https:\/\/www.meteokosova.com\/?p=10707"},"modified":"2026-08-31T14:24:27","modified_gmt":"2026-08-31T12:24:27","slug":"dobesohet-i-nxehti-afrikan-java-e-pare-e-shtatorit-nis-me-diell-dhe-vresira-ndersa-pasdite-dhe-ne-mbremje-me-rrebeshe-lokale-e-disa-rrufe","status":"publish","type":"post","link":"https:\/\/www.meteokosova.com\/sq\/dobesohet-i-nxehti-afrikan-java-e-pare-e-shtatorit-nis-me-diell-dhe-vresira-ndersa-pasdite-dhe-ne-mbremje-me-rrebeshe-lokale-e-disa-rrufe\/","title":{"rendered":"Dob\u00ebsohet i nxehti afrikan: Java e par\u00eb e shtatorit nis me diell dhe vr\u00ebsira, nd\u00ebrsa pasdite dhe n\u00eb mbr\u00ebmje me rrebeshe lokale e disa rrufe"},"content":{"rendered":"<p class=\"wp-block-paragraph\">Java e par\u00eb e shtatorit do t\u00eb nis\u00eb n\u00ebn ndikimin e kushteve kryesisht t\u00eb paq\u00ebndrueshme atmosferike dhe t\u00eb masave t\u00eb nxehta, mir\u00ebpo ato do t\u00eb jen\u00eb m\u00eb t\u00eb dob\u00ebta n\u00eb krahasim me jav\u00ebt e kaluara.<\/p>\n\n\n\n<p class=\"wp-block-paragraph\">K\u00ebshtu, nga dita e h\u00ebn\u00eb e deri t\u00eb m\u00ebrkur\u00ebn, moti do t\u00eb karakterizohet kryesisht me diell n\u00eb pjes\u00ebn e par\u00eb t\u00eb dit\u00ebs, nd\u00ebrsa gjat\u00eb or\u00ebve t\u00eb pasdites dhe mbr\u00ebmjes pritet t\u00eb ket\u00eb zhvillime lokale t\u00eb vran\u00ebsirave, t\u00eb cilat do t\u00eb sjellin rrebeshe t\u00eb izoluara shiu, t\u00eb shoq\u00ebruara me disa shkarkesa rrufesh.<\/p>\n\n\n\n<p class=\"wp-block-paragraph\">T\u00eb enjten pritet t\u00eb dep\u00ebrtojn\u00eb masa m\u00eb t\u00eb fresk\u00ebta, me \u00e7&#8217;rast moti do t\u00eb p\u00ebrshkohet me diell dhe vran\u00ebsira. Megjithat\u00eb, mund t\u00eb ket\u00eb ndonj\u00eb rrebesh t\u00eb izoluar edhe gjat\u00eb or\u00ebve t\u00eb m\u00ebngjesit. Temperaturat do t\u00eb p\u00ebsojn\u00eb ulje m\u00eb t\u00eb ndjeshme.<\/p>\n\n\n\n<p class=\"wp-block-paragraph\">Nga dita e premte dhe gjat\u00eb fundjav\u00ebs parashikohet mot kryesisht me diell. Temperaturat do t\u00eb jen\u00eb m\u00eb t\u00eb ul\u00ebta, pra konstante me ato t\u00eb enjtes, nd\u00ebrsa gjat\u00eb fundjav\u00ebs ka tendenca p\u00ebr ngritje s\u00ebrish.<\/p>\n\n\n\n<p class=\"wp-block-paragraph\">Era do t\u00eb fryj\u00eb nga drejtime t\u00eb ndryshme, e cila her\u00eb pas here pritet t\u00eb jet\u00eb e fuqishme, me shpejt\u00ebsi prej 15 deri n\u00eb 49 km\/h.<\/p>\n\n\n\n<p class=\"wp-block-paragraph\">Temperaturat minimale do t\u00eb l\u00ebvizin prej 13 deri n\u00eb 21\u00b0C, nd\u00ebrsa ato maksimale prej 26 deri n\u00eb 35\u00b0C. \/<strong>MeteoKosova<\/strong><\/p>","protected":false},"excerpt":{"rendered":"<p>Java e par\u00eb e shtatorit do t\u00eb nis\u00eb n\u00ebn ndikimin e kushteve kryesisht t\u00eb paq\u00ebndrueshme atmosferike dhe t\u00eb masave t\u00eb nxehta, mir\u00ebpo ato do t\u00eb jen\u00eb m\u00eb t\u00eb dob\u00ebta n\u00eb krahasim me jav\u00ebt e kaluara. K\u00ebshtu, nga dita e h\u00ebn\u00eb e deri t\u00eb m\u00ebrkur\u00ebn, moti do t\u00eb karakterizohet kryesisht me diell n\u00eb pjes\u00ebn e par\u00eb &hellip;<\/p>","protected":false},"author":3,"featured_media":10708,"comment_status":"closed","ping_status":"open","sticky":false,"template":"","format":"standard","meta":{"_jetpack_newsletter_access":"","_jetpack_dont_email_post_to_subs":false,"_jetpack_newsletter_tier_id":0,"_jetpack_memberships_contains_paywalled_content":false,"_jetpack_memberships_contains_paid_content":false,"wds_primary_category":26,"footnotes":""},"categories":[24,26],"tags":[33,97],"class_list":["post-10707","post","type-post","status-publish","format-standard","has-post-thumbnail","hentry","category-ballina","category-kosove","tag-breaking","tag-moti-javor"],"jetpack_sharing_enabled":true,"jetpack_featured_media_url":"https:\/\/www.meteokosova.com\/wp-content\/uploads\/2026\/08\/gfs_T850a_eu_18-2-e1788178842642.png","_links":{"self":[{"href":"https:\/\/www.meteokosova.com\/sq\/wp-json\/wp\/v2\/posts\/10707","targetHints":{"allow":["GET"]}}],"collection":[{"href":"https:\/\/www.meteokosova.com\/sq\/wp-json\/wp\/v2\/posts"}],"about":[{"href":"https:\/\/www.meteokosova.com\/sq\/wp-json\/wp\/v2\/types\/post"}],"author":[{"embeddable":true,"href":"https:\/\/www.meteokosova.com\/sq\/wp-json\/wp\/v2\/users\/3"}],"replies":[{"embeddable":true,"href":"https:\/\/www.meteokosova.com\/sq\/wp-json\/wp\/v2\/comments?post=10707"}],"version-history":[{"count":2,"href":"https:\/\/www.meteokosova.com\/sq\/wp-json\/wp\/v2\/posts\/10707\/revisions"}],"predecessor-version":[{"id":10710,"href":"https:\/\/www.meteokosova.com\/sq\/wp-json\/wp\/v2\/posts\/10707\/revisions\/10710"}],"wp:featuredmedia":[{"embeddable":true,"href":"https:\/\/www.meteokosova.com\/sq\/wp-json\/wp\/v2\/media\/10708"}],"wp:attachment":[{"href":"https:\/\/www.meteokosova.com\/sq\/wp-json\/wp\/v2\/media?parent=10707"}],"wp:term":[{"taxonomy":"category","embeddable":true,"href":"https:\/\/www.meteokosova.com\/sq\/wp-json\/wp\/v2\/categories?post=10707"},{"taxonomy":"post_tag","embeddable":true,"href":"https:\/\/www.meteokosova.com\/sq\/wp-json\/wp\/v2\/tags?post=10707"}],"curies":[{"name":"wp","href":"https:\/\/api.w.org\/{rel}","templated":true}]}}